{"id":866,"date":"2014-10-11T16:14:54","date_gmt":"2014-10-11T14:14:54","guid":{"rendered":"http:\/\/ruderriege-mpg.de\/?p=866"},"modified":"2015-01-02T15:37:47","modified_gmt":"2015-01-02T14:37:47","slug":"herbstlager-am-moehnesee","status":"publish","type":"post","link":"https:\/\/ruderriege-mpg.de\/?p=866","title":{"rendered":"Herbstlager am M\u00f6hnesee 2014"},"content":{"rendered":"<p><a href=\"http:\/\/ruderriege-mpg.de\/wp-content\/uploads\/2014\/10\/Mo\u0308hnesee2014-55-von-57.jpg\"><img loading=\"lazy\" decoding=\"async\" class=\"alignnone size-medium wp-image-872\" src=\"http:\/\/ruderriege-mpg.de\/wp-content\/uploads\/2014\/10\/Mo\u0308hnesee2014-55-von-57-300x200.jpg\" alt=\"berichte_HeLa2014\" width=\"300\" height=\"200\" \/><\/a><\/p>\n<p>Auch in diesem Jahr fand das Herbstlager am M\u00f6hnesee statt. Mit 21 Ruderern waren wir eine etwas kleinere Runde als sonst, doch die gute Stimmung wurde dadurch nicht minimiert.<\/p>\n<p>Am ersten Tag haben wir das super sonnige Wetter so richtig genossen. Nach dem Fr\u00fchst\u00fcck und dem Mittagessen machten wir jeweils ausgiebige Ruderfahrten und anschlie\u00dfend wurde geschwommen, sich im schmalen 1er erprobt oder einfach nur in der Sonne gefaulenzt. Das Gel\u00e4nde des <a href=\"http:\/\/www.archi-landheim.de\/\" target=\"_blank\">Schullandheims des Archigymnasiums Soest<\/a>, in dem wir \u00fcbernachteten, ist ein wirklich sch\u00f6ner Ort!<\/p>\n<p>Am zweiten Tag war es dann schon Zeit f\u00fcr die traditionelle Rallye. Drei Gruppen traten in f\u00fcnf Aufgabenteilen (Rallye mit dem Boot, Wissensfragen zur Ruderriege, Rallye zu Fu\u00df, Kreativteil und Abendteil) den ganzen Tag \u00fcber gegeneinander an. Nach der Siegerehrung versammelten wir uns alle am Lagerfeuer und lie\u00dfen den Abend ganz gem\u00fctlich mit Stockbrot und Marshmallows ausklingen.<\/p>\n<p>Am dritten Tag brach eine H\u00e4lfte der Teilnehmer zur Harkortseeregatta nach Wetter auf. Den Bericht dazu k\u00f6nnt ihr <a href=\"http:\/\/ruderriege-mpg.de\/?p=868\" target=\"_blank\">hier<\/a> lesen. Die andere H\u00e4lfte verbrachte einen weiteren sch\u00f6nen Tag am und auf dem M\u00f6hnesee.<\/p>\n<p>Am vierten und letzten Tag gab es einen ganz neuen Programmpunkt f\u00fcr ein Herbstlager: ein Fernsehteam der WDR Lokalzeit S\u00fcd-Westfalen besuchte uns. <a href=\"http:\/\/www1.wdr.de\/mediathek\/video\/sendungen\/lokalzeit\/lokalzeit-suedwestfalen\/videorudernindenherbstferien100_size-L.html?autostart=true#banner\" target=\"_blank\">Hier<\/a> findet ihr den Bericht.<\/p>\n<p>Zusammengefasst war es mal wieder ein sehr sch\u00f6nes und abwechslungsreiches HeLa!<\/p>\n","protected":false},"excerpt":{"rendered":"<p>Auch in diesem Jahr fand das Herbstlager am M\u00f6hnesee statt. Mit 21 Ruderern waren wir eine etwas kleinere Runde als sonst, doch die gute Stimmung wurde dadurch nicht minimiert. Am ersten Tag haben wir das super sonnige Wetter so richtig genossen. Nach dem Fr\u00fchst\u00fcck und dem Mittagessen machten wir jeweils ausgiebige Ruderfahrten und anschlie\u00dfend wurde &#8230; <span class=\"more\"><a class=\"more-link\" href=\"https:\/\/ruderriege-mpg.de\/?p=866\">[Read more&#8230;]<\/a><\/span><\/p>\n","protected":false},"author":2,"featured_media":0,"comment_status":"closed","ping_status":"closed","sticky":false,"template":"","format":"standard","meta":{"footnotes":""},"categories":[1],"tags":[],"post_mailing_queue_ids":[],"_links":{"self":[{"href":"https:\/\/ruderriege-mpg.de\/index.php?rest_route=\/wp\/v2\/posts\/866"}],"collection":[{"href":"https:\/\/ruderriege-mpg.de\/index.php?rest_route=\/wp\/v2\/posts"}],"about":[{"href":"https:\/\/ruderriege-mpg.de\/index.php?rest_route=\/wp\/v2\/types\/post"}],"author":[{"embeddable":true,"href":"https:\/\/ruderriege-mpg.de\/index.php?rest_route=\/wp\/v2\/users\/2"}],"replies":[{"embeddable":true,"href":"https:\/\/ruderriege-mpg.de\/index.php?rest_route=%2Fwp%2Fv2%2Fcomments&post=866"}],"version-history":[{"count":8,"href":"https:\/\/ruderriege-mpg.de\/index.php?rest_route=\/wp\/v2\/posts\/866\/revisions"}],"predecessor-version":[{"id":955,"href":"https:\/\/ruderriege-mpg.de\/index.php?rest_route=\/wp\/v2\/posts\/866\/revisions\/955"}],"wp:attachment":[{"href":"https:\/\/ruderriege-mpg.de\/index.php?rest_route=%2Fwp%2Fv2%2Fmedia&parent=866"}],"wp:term":[{"taxonomy":"category","embeddable":true,"href":"https:\/\/ruderriege-mpg.de\/index.php?rest_route=%2Fwp%2Fv2%2Fcategories&post=866"},{"taxonomy":"post_tag","embeddable":true,"href":"https:\/\/ruderriege-mpg.de\/index.php?rest_route=%2Fwp%2Fv2%2Ftags&post=866"}],"curies":[{"name":"wp","href":"https:\/\/api.w.org\/{rel}","templated":true}]}}