{"id":2742,"date":"2022-11-10T09:10:20","date_gmt":"2022-11-10T08:10:20","guid":{"rendered":"https:\/\/ruderriege-mpg.de\/?p=2742"},"modified":"2022-11-10T09:10:20","modified_gmt":"2022-11-10T08:10:20","slug":"der-douro-ist-getauft","status":"publish","type":"post","link":"https:\/\/ruderriege-mpg.de\/?p=2742","title":{"rendered":"Der Douro ist getauft"},"content":{"rendered":"\n<p>\u201eBenannt nach einem Flu\u00df, der in Spanien entspringt und entlang wundersch\u00f6ner Steilh\u00e4nge und K\u00fcsten f\u00fchrt und bei Porto in den Atlantik m\u00fcndet\u2026\u201c, so leitete der ehemalige Protektor und Taufpate des neuen Bootes der Ruderriege G\u00fcnther Risse seine Rede bei der Taufe ein. Dass der Douro vor 60 G\u00e4sten, allen F\u00f6rderern und der Schulleiterin des Max-Planck-Gymnasiums, Ute Tometten, \u00fcberhaupt getauft werden konnte, war nur durch die gemeinsame, tatkr\u00e4ftige, finanzielle Unterst\u00fctzung verschiedener Institutionen m\u00f6glich. Nachdem 2019 ein erster Anlauf zur Finanzierung im Zusammenhang mit der Wanderfahrt nach Portugal nicht geklappt hatte und die Wanderfahrt ebenfalls ausfallen musste, machten sich der Verein der Freunde der Ruderriege und die Verantwortlichen auf den Weg und versuchten ihr Gl\u00fcck, diesmal mit einem Antrag bei der Sparkasse Dortmund.<\/p>\n\n\n\n<div class=\"wp-block-image\"><figure class=\"alignleft is-resized\"><img loading=\"lazy\" decoding=\"async\" src=\"https:\/\/ruderriege-mpg.de\/wp-content\/uploads\/2022\/11\/290203CD-941F-4221-94E5-5DE699F25169-1536x2048.jpeg\" alt=\"\" class=\"wp-image-2749\" width=\"233\" height=\"310\" srcset=\"https:\/\/ruderriege-mpg.de\/wp-content\/uploads\/2022\/11\/290203CD-941F-4221-94E5-5DE699F25169-1536x2048.jpeg 1536w, https:\/\/ruderriege-mpg.de\/wp-content\/uploads\/2022\/11\/290203CD-941F-4221-94E5-5DE699F25169-225x300.jpeg 225w, https:\/\/ruderriege-mpg.de\/wp-content\/uploads\/2022\/11\/290203CD-941F-4221-94E5-5DE699F25169-768x1024.jpeg 768w\" sizes=\"(max-width: 233px) 100vw, 233px\" \/><\/figure><\/div>\n\n\n\n<p>Beim zweiten Anlauf hatte die Bitte auf finanzielle Unterst\u00fctzung Erfolg. Durch die gro\u00dfz\u00fcgige Spende Gemeinwohl-Stiftung der Sparkasse Dortmund wurde der Grundstein gelegt, den Douro \u00fcberhaupt zu finanzieren.\u00a0<\/p>\n\n\n\n<p>Der F\u00f6rderverein und der Ehemaligenverein vom Max-Planck-Gymnasium sowie der Verein der Freunde der Ruderriege steuerten den Restbetrag hinzu, sodass Ende 2021 das Boot bei der Firma Schellenbacher bestellt werden konnte und am 22. Oktober 2022 getauft wurde.\u00a0<br><\/p>\n\n\n\n<p>Da die Ruderriege seit jeher allen Kindern und Jugendlichen des Max-Planck-Gymnasiums die M\u00f6glichkeit bietet, das Rudern zu erlernen und Mitglied in der Ruderriege zu werden und die Boote auch in dem regul\u00e4ren Sportunterricht in der Klasse 10 als Einf\u00fchrung in den Rudersport und f\u00fcr den Profilkurs Rudern in der Qualifikationsphase genutzt werden, sind alle Boote im permanenten Einsatz.\u00a0<\/p>\n\n\n\n<p><br><\/p>\n\n\n\n<figure class=\"wp-block-image\"><img loading=\"lazy\" decoding=\"async\" width=\"2048\" height=\"1365\" src=\"https:\/\/ruderriege-mpg.de\/wp-content\/uploads\/2022\/11\/EB067C79-31F9-4F4D-A0CE-CEDFF48986A2-2048x1365.jpeg\" alt=\"\" class=\"wp-image-2744\" srcset=\"https:\/\/ruderriege-mpg.de\/wp-content\/uploads\/2022\/11\/EB067C79-31F9-4F4D-A0CE-CEDFF48986A2-2048x1365.jpeg 2048w, https:\/\/ruderriege-mpg.de\/wp-content\/uploads\/2022\/11\/EB067C79-31F9-4F4D-A0CE-CEDFF48986A2-300x200.jpeg 300w, https:\/\/ruderriege-mpg.de\/wp-content\/uploads\/2022\/11\/EB067C79-31F9-4F4D-A0CE-CEDFF48986A2-768x512.jpeg 768w\" sizes=\"(max-width: 2048px) 100vw, 2048px\" \/><\/figure>\n\n\n\n<p>Neben dem Engagement auf dem Dortmund-Ems-Kanal kommen die vielen mehrt\u00e4gigen Wanderfahrten mit gemeinsamem Rudern, Kochen und \u00dcbernachtungen in Zelten und Bootsh\u00e4usern hinzu.<br><\/p>\n\n\n\n<p>Dieser intensive Einsatz der Boote, die teilweise \u00e4lter als 30 Jahre sind, f\u00fchrt \u00fcber Jahrzehnte zu hohem Verschlei\u00df. Trotz der permanenten und intensiven Instandhaltung und Pflege m\u00fcssen immer wieder neue Boote angeschafft werden. Ohne die finanzielle Unterst\u00fctzung der Gemeinwohl-Stiftung der Sparkasse Dortmund h\u00e4tte der Douro nicht angeschafft werden k\u00f6nnen.&nbsp;<br><\/p>\n\n\n\n<p>Nach der Bootstaufe konnten alle ruderbegeisterten Sch\u00fclerinnen und Sch\u00fcler den Douro auf seiner ersten Fahrt begleiten und rudern. Der Name soll gleichzeitig ein kleines Versprechen sein, die 2019 geplante Wanderfahrt auf dem Douro nachzuholen.\u00a0<\/p>\n\n\n\n<figure class=\"wp-block-image\"><img loading=\"lazy\" decoding=\"async\" width=\"2048\" height=\"1365\" src=\"https:\/\/ruderriege-mpg.de\/wp-content\/uploads\/2022\/11\/7C0B3711-E6AA-4DA3-A1E2-92A10C101ED5-2048x1365.jpeg\" alt=\"\" class=\"wp-image-2745\" srcset=\"https:\/\/ruderriege-mpg.de\/wp-content\/uploads\/2022\/11\/7C0B3711-E6AA-4DA3-A1E2-92A10C101ED5-2048x1365.jpeg 2048w, https:\/\/ruderriege-mpg.de\/wp-content\/uploads\/2022\/11\/7C0B3711-E6AA-4DA3-A1E2-92A10C101ED5-300x200.jpeg 300w, https:\/\/ruderriege-mpg.de\/wp-content\/uploads\/2022\/11\/7C0B3711-E6AA-4DA3-A1E2-92A10C101ED5-768x512.jpeg 768w\" sizes=\"(max-width: 2048px) 100vw, 2048px\" \/><\/figure>\n","protected":false},"excerpt":{"rendered":"<p>\u201eBenannt nach einem Flu\u00df, der in Spanien entspringt und entlang wundersch\u00f6ner Steilh\u00e4nge und K\u00fcsten f\u00fchrt und bei Porto in den Atlantik m\u00fcndet\u2026\u201c, so leitete der ehemalige Protektor und Taufpate des neuen Bootes der Ruderriege G\u00fcnther Risse seine Rede bei der Taufe ein. Dass der Douro vor 60 G\u00e4sten, allen F\u00f6rderern und der Schulleiterin des Max-Planck-Gymnasiums, &#8230; <span class=\"more\"><a class=\"more-link\" href=\"https:\/\/ruderriege-mpg.de\/?p=2742\">[Read more&#8230;]<\/a><\/span><\/p>\n","protected":false},"author":16,"featured_media":0,"comment_status":"closed","ping_status":"closed","sticky":false,"template":"","format":"standard","meta":{"footnotes":""},"categories":[1],"tags":[],"post_mailing_queue_ids":[],"_links":{"self":[{"href":"https:\/\/ruderriege-mpg.de\/index.php?rest_route=\/wp\/v2\/posts\/2742"}],"collection":[{"href":"https:\/\/ruderriege-mpg.de\/index.php?rest_route=\/wp\/v2\/posts"}],"about":[{"href":"https:\/\/ruderriege-mpg.de\/index.php?rest_route=\/wp\/v2\/types\/post"}],"author":[{"embeddable":true,"href":"https:\/\/ruderriege-mpg.de\/index.php?rest_route=\/wp\/v2\/users\/16"}],"replies":[{"embeddable":true,"href":"https:\/\/ruderriege-mpg.de\/index.php?rest_route=%2Fwp%2Fv2%2Fcomments&post=2742"}],"version-history":[{"count":4,"href":"https:\/\/ruderriege-mpg.de\/index.php?rest_route=\/wp\/v2\/posts\/2742\/revisions"}],"predecessor-version":[{"id":2750,"href":"https:\/\/ruderriege-mpg.de\/index.php?rest_route=\/wp\/v2\/posts\/2742\/revisions\/2750"}],"wp:attachment":[{"href":"https:\/\/ruderriege-mpg.de\/index.php?rest_route=%2Fwp%2Fv2%2Fmedia&parent=2742"}],"wp:term":[{"taxonomy":"category","embeddable":true,"href":"https:\/\/ruderriege-mpg.de\/index.php?rest_route=%2Fwp%2Fv2%2Fcategories&post=2742"},{"taxonomy":"post_tag","embeddable":true,"href":"https:\/\/ruderriege-mpg.de\/index.php?rest_route=%2Fwp%2Fv2%2Ftags&post=2742"}],"curies":[{"name":"wp","href":"https:\/\/api.w.org\/{rel}","templated":true}]}}