{"id":1909,"date":"2018-03-17T21:15:17","date_gmt":"2018-03-17T20:15:17","guid":{"rendered":"https:\/\/ruderriege-mpg.de\/?p=1909"},"modified":"2018-03-17T21:15:17","modified_gmt":"2018-03-17T20:15:17","slug":"jahreshauptversammlung-2018","status":"publish","type":"post","link":"https:\/\/ruderriege-mpg.de\/?p=1909","title":{"rendered":"Jahreshauptversammlung 2018"},"content":{"rendered":"<p>Am 17. M\u00e4rz 2018 fand die diesj\u00e4hrige Jahreshauptversammlung statt. Nachdem der Vorstand von seiner Arbeit des letzten Jahres berichtet hat, wurde er entlastet. Anschlie\u00dfend wurde der neue Vorstand gew\u00e4hlt. Unseren neuen Vorstand findet ihr <a href=\"https:\/\/ruderriege-mpg.de\/?page_id=68\" target=\"_blank\" rel=\"noopener\">hier<\/a>.<\/p>\n<p><a href=\"https:\/\/ruderriege-mpg.de\/?page_id=110\" target=\"_blank\" rel=\"noopener\">Hier<\/a> findet ihr den neuen Remex 42 (unsere j\u00e4hrliche Zeitschrift) und in den kommenden Tagen das Protokoll der Jahreshauptversammlung.<\/p>\n<p>Im Anschluss an die Jahrehauptversammlung fand die Jahresabschlussfeier statt, bei der die Fahrtenabzeichen verliehen wurden und Fotos des Ruderjahres 2017 bei einem leckeren Mitbringbuffet pr\u00e4sentiert wurden.<\/p>\n<p><img loading=\"lazy\" decoding=\"async\" class=\"alignnone wp-image-1908 size-medium_large\" src=\"https:\/\/ruderriege-mpg.de\/wp-content\/uploads\/2018\/03\/IMG_20180317_125052-768x576.jpg\" alt=\"\" width=\"700\" height=\"525\" srcset=\"https:\/\/ruderriege-mpg.de\/wp-content\/uploads\/2018\/03\/IMG_20180317_125052-768x576.jpg 768w, https:\/\/ruderriege-mpg.de\/wp-content\/uploads\/2018\/03\/IMG_20180317_125052-300x225.jpg 300w, https:\/\/ruderriege-mpg.de\/wp-content\/uploads\/2018\/03\/IMG_20180317_125052-2048x1536.jpg 2048w\" sizes=\"(max-width: 700px) 100vw, 700px\" \/><\/p>\n","protected":false},"excerpt":{"rendered":"<p>Am 17. M\u00e4rz 2018 fand die diesj\u00e4hrige Jahreshauptversammlung statt. Nachdem der Vorstand von seiner Arbeit des letzten Jahres berichtet hat, wurde er entlastet. Anschlie\u00dfend wurde der neue Vorstand gew\u00e4hlt. Unseren neuen Vorstand findet ihr hier. Hier findet ihr den neuen Remex 42 (unsere j\u00e4hrliche Zeitschrift) und in den kommenden Tagen das Protokoll der Jahreshauptversammlung. Im &#8230; <span class=\"more\"><a class=\"more-link\" href=\"https:\/\/ruderriege-mpg.de\/?p=1909\">[Read more&#8230;]<\/a><\/span><\/p>\n","protected":false},"author":2,"featured_media":0,"comment_status":"closed","ping_status":"closed","sticky":false,"template":"","format":"standard","meta":{"footnotes":""},"categories":[1],"tags":[],"post_mailing_queue_ids":[],"_links":{"self":[{"href":"https:\/\/ruderriege-mpg.de\/index.php?rest_route=\/wp\/v2\/posts\/1909"}],"collection":[{"href":"https:\/\/ruderriege-mpg.de\/index.php?rest_route=\/wp\/v2\/posts"}],"about":[{"href":"https:\/\/ruderriege-mpg.de\/index.php?rest_route=\/wp\/v2\/types\/post"}],"author":[{"embeddable":true,"href":"https:\/\/ruderriege-mpg.de\/index.php?rest_route=\/wp\/v2\/users\/2"}],"replies":[{"embeddable":true,"href":"https:\/\/ruderriege-mpg.de\/index.php?rest_route=%2Fwp%2Fv2%2Fcomments&post=1909"}],"version-history":[{"count":2,"href":"https:\/\/ruderriege-mpg.de\/index.php?rest_route=\/wp\/v2\/posts\/1909\/revisions"}],"predecessor-version":[{"id":1935,"href":"https:\/\/ruderriege-mpg.de\/index.php?rest_route=\/wp\/v2\/posts\/1909\/revisions\/1935"}],"wp:attachment":[{"href":"https:\/\/ruderriege-mpg.de\/index.php?rest_route=%2Fwp%2Fv2%2Fmedia&parent=1909"}],"wp:term":[{"taxonomy":"category","embeddable":true,"href":"https:\/\/ruderriege-mpg.de\/index.php?rest_route=%2Fwp%2Fv2%2Fcategories&post=1909"},{"taxonomy":"post_tag","embeddable":true,"href":"https:\/\/ruderriege-mpg.de\/index.php?rest_route=%2Fwp%2Fv2%2Ftags&post=1909"}],"curies":[{"name":"wp","href":"https:\/\/api.w.org\/{rel}","templated":true}]}}