{"id":1204,"date":"2015-09-06T10:06:11","date_gmt":"2015-09-06T08:06:11","guid":{"rendered":"http:\/\/ruderriege-mpg.de\/?p=1204"},"modified":"2015-09-06T10:06:51","modified_gmt":"2015-09-06T08:06:51","slug":"sommerfest-2015","status":"publish","type":"post","link":"https:\/\/ruderriege-mpg.de\/?p=1204","title":{"rendered":"Sommerfest 2015"},"content":{"rendered":"<p><a href=\"http:\/\/ruderriege-mpg.de\/wp-content\/uploads\/2015\/09\/Sommerfest2015-1-von-34.jpg\"><img loading=\"lazy\" decoding=\"async\" class=\"alignnone size-medium wp-image-1202\" src=\"http:\/\/ruderriege-mpg.de\/wp-content\/uploads\/2015\/09\/Sommerfest2015-1-von-34-300x169.jpg\" alt=\"Sommerfest2015 (1 von 34)\" width=\"300\" height=\"169\" \/><\/a><\/p>\n<p>Das diesj\u00e4hrige Sommerfest haben wir mit einem gemeinsamen Rudern bei passend sommerlichen Wetter gestartet. Anschlie\u00dfend begann das eigentliche Fest in den R\u00e4umlichkeiten des <a href=\"http:\/\/www.fs1898-kanu.de\" target=\"_blank\">FS98<\/a>. Es erwartete uns ein fantastisches Grillbuffet, welches von den Kastelanen Kelchs vorbereitet wurde. Wir haben uns auch sehr gefreut, dass einige Ehemalige und Vetreter des <a href=\"http:\/\/www.ehemalige-mpg.de\" target=\"_blank\">Ehemaligenvereins<\/a> gekommen sind. Weitere Programmpunkte am Abend waren die Verleihung der Fahrtenabzeichen und die M\u00f6glichkeit Fotos vor der Ruderriegen-Flagge zu machen. <a href=\"http:\/\/ruderriege-mpg.de\/?page_id=1093\" target=\"_blank\">Hier<\/a> k\u00f6nnt ihr euch alle Fotos angucken.<br \/>\nEs war wieder Mal ein gelungenes Fest!<\/p>\n<p><a href=\"http:\/\/ruderriege-mpg.de\/wp-content\/uploads\/2015\/09\/Sommerfest2015-34-von-34.jpg\"><img loading=\"lazy\" decoding=\"async\" class=\"alignnone size-medium wp-image-1203\" src=\"http:\/\/ruderriege-mpg.de\/wp-content\/uploads\/2015\/09\/Sommerfest2015-34-von-34-300x169.jpg\" alt=\"Sommerfest2015 (34 von 34)\" width=\"300\" height=\"169\" \/><\/a><\/p>\n","protected":false},"excerpt":{"rendered":"<p>Das diesj\u00e4hrige Sommerfest haben wir mit einem gemeinsamen Rudern bei passend sommerlichen Wetter gestartet. Anschlie\u00dfend begann das eigentliche Fest in den R\u00e4umlichkeiten des FS98. Es erwartete uns ein fantastisches Grillbuffet, welches von den Kastelanen Kelchs vorbereitet wurde. Wir haben uns auch sehr gefreut, dass einige Ehemalige und Vetreter des Ehemaligenvereins gekommen sind. Weitere Programmpunkte am &#8230; <span class=\"more\"><a class=\"more-link\" href=\"https:\/\/ruderriege-mpg.de\/?p=1204\">[Read more&#8230;]<\/a><\/span><\/p>\n","protected":false},"author":2,"featured_media":0,"comment_status":"closed","ping_status":"closed","sticky":false,"template":"","format":"standard","meta":{"footnotes":""},"categories":[1],"tags":[],"post_mailing_queue_ids":[],"_links":{"self":[{"href":"https:\/\/ruderriege-mpg.de\/index.php?rest_route=\/wp\/v2\/posts\/1204"}],"collection":[{"href":"https:\/\/ruderriege-mpg.de\/index.php?rest_route=\/wp\/v2\/posts"}],"about":[{"href":"https:\/\/ruderriege-mpg.de\/index.php?rest_route=\/wp\/v2\/types\/post"}],"author":[{"embeddable":true,"href":"https:\/\/ruderriege-mpg.de\/index.php?rest_route=\/wp\/v2\/users\/2"}],"replies":[{"embeddable":true,"href":"https:\/\/ruderriege-mpg.de\/index.php?rest_route=%2Fwp%2Fv2%2Fcomments&post=1204"}],"version-history":[{"count":2,"href":"https:\/\/ruderriege-mpg.de\/index.php?rest_route=\/wp\/v2\/posts\/1204\/revisions"}],"predecessor-version":[{"id":1206,"href":"https:\/\/ruderriege-mpg.de\/index.php?rest_route=\/wp\/v2\/posts\/1204\/revisions\/1206"}],"wp:attachment":[{"href":"https:\/\/ruderriege-mpg.de\/index.php?rest_route=%2Fwp%2Fv2%2Fmedia&parent=1204"}],"wp:term":[{"taxonomy":"category","embeddable":true,"href":"https:\/\/ruderriege-mpg.de\/index.php?rest_route=%2Fwp%2Fv2%2Fcategories&post=1204"},{"taxonomy":"post_tag","embeddable":true,"href":"https:\/\/ruderriege-mpg.de\/index.php?rest_route=%2Fwp%2Fv2%2Ftags&post=1204"}],"curies":[{"name":"wp","href":"https:\/\/api.w.org\/{rel}","templated":true}]}}